{"id":10477,"date":"2024-05-11T16:03:26","date_gmt":"2024-05-11T14:03:26","guid":{"rendered":"https:\/\/www.afaf.asso.fr\/?p=10477"},"modified":"2024-05-11T16:08:56","modified_gmt":"2024-05-11T14:08:56","slug":"save-the-date-dimanche-22-septembre-2024","status":"publish","type":"post","link":"https:\/\/www.afaf.asso.fr\/2024\/05\/11\/save-the-date-dimanche-22-septembre-2024\/","title":{"rendered":"Save The Date : dimanche 22 septembre 2024"},"content":{"rendered":"\n<p class=\"has-text-align-center wp-block-paragraph\">Rendez-vous salle des sports Alain Mimoun de Brindas pour une journ\u00e9e caritative autour du sport, de la convivialit\u00e9, du partage, et de la solidarit\u00e9.<\/p>\n\n\n\n<p class=\"wp-block-paragraph\">Organis\u00e9e par un jeune homme atteint de l&#8217;ataxie de Friedreich, cette manifestation a pour objectifs de faire conna\u00eetre la maladie et de r\u00e9colter des fonds pour financer la recherche sur l\u2019ataxie de Friedreich.<\/p>\n\n\n\n<p class=\"wp-block-paragraph\">Le programme :<\/p>\n\n\n\n<p class=\"wp-block-paragraph\">&nbsp; &nbsp; &#8211; Trois randonn\u00e9es p\u00e9destres \u00e0 travers Brindas et les communes des vallons du Lyonnais :<\/p>\n\n\n\n<ul class=\"wp-block-list\">\n<li><strong>18km<\/strong>&nbsp;avec un ravitaillement compris le long du parcours, un repas chaud et assis compris \u00e0 l&#8217;arriv\u00e9e. D\u00e9part entre 08h30 et 10h30.<\/li>\n\n\n\n<li><strong>11km<\/strong>&nbsp;avec un ravitaillement compris le long du parcours, un repas chaud et assis compris \u00e0 l&#8217;arriv\u00e9e. D\u00e9part entre 08h30 et 10h30.<\/li>\n\n\n\n<li><strong>5km<\/strong>&nbsp;accessible \u00e0 toutes et \u00e0 tous. D\u00e9part entre 08h30 et 15h30.<\/li>\n<\/ul>\n\n\n\n<p class=\"wp-block-paragraph\">&nbsp; &nbsp; &#8211; Hand&#8217;Fauteuil (matchs et d\u00e9monstrations) \u00e0 la salle des sports Alain Mimoun de Brindas,<\/p>\n\n\n\n<p class=\"wp-block-paragraph\">&nbsp; &nbsp; &#8211; Jeux et animations autour de la salle des sports. (Poneys, jeux pompiers, &#8230;)<\/p>\n\n\n\n<p class=\"wp-block-paragraph\">Petite restauration sur place : sandwichs, cr\u00eapes.<\/p>\n\n\n\n<p class=\"wp-block-paragraph\"><strong>Soutenez-le dans son projet en donnant sur<\/strong> :<\/p>\n\n\n\n<p class=\"wp-block-paragraph\"><a href=\"https:\/\/www.helloasso.com\/associations\/les-vallons-de-l-espoir\" target=\"_blank\" rel=\"noreferrer noopener\">https:\/\/www.helloasso.com\/associations\/les-vallons-de-l-espoir<\/a><\/p>\n\n\n\n<p class=\"wp-block-paragraph\">Les fonds r\u00e9colt\u00e9s seront <strong>int\u00e9gralement revers\u00e9s<\/strong> \u00e0 l&#8217;association fran\u00e7aise de l&#8217;ataxie de Friedreich (AFAF).<\/p>\n","protected":false},"excerpt":{"rendered":"<p>Rendez-vous salle des sports Alain Mimoun de Brindas pour une journ\u00e9e caritative autour du sport, de la convivialit\u00e9, du partage, et de la solidarit\u00e9. Organis\u00e9e par un jeune homme atteint de l&#8217;ataxie de Friedreich, cette manifestation a pour objectifs de faire conna\u00eetre la maladie et de r\u00e9colter des fonds pour financer la recherche sur l\u2019ataxie [&hellip;]<\/p>\n","protected":false},"author":8,"featured_media":10479,"comment_status":"closed","ping_status":"open","sticky":false,"template":"","format":"standard","meta":{"_monsterinsights_skip_tracking":false,"ocean_front_end_style_editor":"no","ocean_post_layout":"","ocean_both_sidebars_style":"","ocean_both_sidebars_content_width":0,"ocean_both_sidebars_sidebars_width":0,"ocean_sidebar":"0","ocean_second_sidebar":"0","ocean_disable_margins":"enable","ocean_add_body_class":"","ocean_shortcode_before_top_bar":"","ocean_shortcode_after_top_bar":"","ocean_shortcode_before_header":"","ocean_shortcode_after_header":"","ocean_has_shortcode":"","ocean_shortcode_after_title":"","ocean_shortcode_before_footer_widgets":"","ocean_shortcode_after_footer_widgets":"","ocean_shortcode_before_footer_bottom":"","ocean_shortcode_after_footer_bottom":"","ocean_display_top_bar":"default","ocean_display_header":"default","ocean_header_style":"","ocean_center_header_left_menu":"0","ocean_custom_header_template":"0","ocean_custom_logo":0,"ocean_custom_retina_logo":0,"ocean_custom_logo_max_width":0,"ocean_custom_logo_tablet_max_width":0,"ocean_custom_logo_mobile_max_width":0,"ocean_custom_logo_max_height":0,"ocean_custom_logo_tablet_max_height":0,"ocean_custom_logo_mobile_max_height":0,"ocean_header_custom_menu":"0","ocean_menu_typo_font_family":"0","ocean_menu_typo_font_subset":"","ocean_menu_typo_font_size":0,"ocean_menu_typo_font_size_tablet":0,"ocean_menu_typo_font_size_mobile":0,"ocean_menu_typo_font_size_unit":"px","ocean_menu_typo_font_weight":"","ocean_menu_typo_font_weight_tablet":"","ocean_menu_typo_font_weight_mobile":"","ocean_menu_typo_transform":"","ocean_menu_typo_transform_tablet":"","ocean_menu_typo_transform_mobile":"","ocean_menu_typo_line_height":0,"ocean_menu_typo_line_height_tablet":0,"ocean_menu_typo_line_height_mobile":0,"ocean_menu_typo_line_height_unit":"","ocean_menu_typo_spacing":0,"ocean_menu_typo_spacing_tablet":0,"ocean_menu_typo_spacing_mobile":0,"ocean_menu_typo_spacing_unit":"","ocean_menu_link_color":"","ocean_menu_link_color_hover":"","ocean_menu_link_color_active":"","ocean_menu_link_background":"","ocean_menu_link_hover_background":"","ocean_menu_link_active_background":"","ocean_menu_social_links_bg":"","ocean_menu_social_hover_links_bg":"","ocean_menu_social_links_color":"","ocean_menu_social_hover_links_color":"","ocean_disable_title":"default","ocean_disable_heading":"default","ocean_post_title":"","ocean_post_subheading":"","ocean_post_title_style":"","ocean_post_title_background_color":"","ocean_post_title_background":0,"ocean_post_title_bg_image_position":"","ocean_post_title_bg_image_attachment":"","ocean_post_title_bg_image_repeat":"","ocean_post_title_bg_image_size":"","ocean_post_title_height":0,"ocean_post_title_bg_overlay":0.5,"ocean_post_title_bg_overlay_color":"","ocean_disable_breadcrumbs":"default","ocean_breadcrumbs_color":"","ocean_breadcrumbs_separator_color":"","ocean_breadcrumbs_links_color":"","ocean_breadcrumbs_links_hover_color":"","ocean_display_footer_widgets":"default","ocean_display_footer_bottom":"default","ocean_custom_footer_template":"0","ocean_post_oembed":"","ocean_post_self_hosted_media":"","ocean_post_video_embed":"","ocean_link_format":"","ocean_link_format_target":"self","ocean_quote_format":"","ocean_quote_format_link":"post","ocean_gallery_link_images":"on","ocean_gallery_id":[],"footnotes":""},"categories":[44],"tags":[],"class_list":["post-10477","post","type-post","status-publish","format-standard","has-post-thumbnail","hentry","category-actualites-generales","entry","has-media","owp-thumbs-layout-horizontal","owp-btn-normal","owp-tabs-layout-section","has-no-thumbnails"],"yoast_head":"<!-- This site is optimized with the Yoast SEO plugin v28.1 - https:\/\/yoast.com\/product\/yoast-seo-wordpress\/ -->\n<title>Save The Date : dimanche 22 septembre 2024 - Association Fran\u00e7aise Ataxie de Friedreich<\/title>\n<meta name=\"robots\" content=\"index, follow, max-snippet:-1, max-image-preview:large, max-video-preview:-1\" \/>\n<link rel=\"canonical\" href=\"https:\/\/www.afaf.asso.fr\/2024\/05\/11\/save-the-date-dimanche-22-septembre-2024\/\" \/>\n<meta property=\"og:locale\" content=\"fr_FR\" \/>\n<meta property=\"og:type\" content=\"article\" \/>\n<meta property=\"og:title\" content=\"Save The Date : dimanche 22 septembre 2024 - Association Fran\u00e7aise Ataxie de Friedreich\" \/>\n<meta property=\"og:description\" content=\"Rendez-vous salle des sports Alain Mimoun de Brindas pour une journ\u00e9e caritative autour du sport, de la convivialit\u00e9, du partage, et de la solidarit\u00e9. Organis\u00e9e par un jeune homme atteint de l&#8217;ataxie de Friedreich, cette manifestation a pour objectifs de faire conna\u00eetre la maladie et de r\u00e9colter des fonds pour financer la recherche sur l\u2019ataxie [&hellip;]\" \/>\n<meta property=\"og:url\" content=\"https:\/\/www.afaf.asso.fr\/2024\/05\/11\/save-the-date-dimanche-22-septembre-2024\/\" \/>\n<meta property=\"og:site_name\" content=\"Association Fran\u00e7aise Ataxie de Friedreich\" \/>\n<meta property=\"article:published_time\" content=\"2024-05-11T14:03:26+00:00\" \/>\n<meta property=\"article:modified_time\" content=\"2024-05-11T14:08:56+00:00\" \/>\n<meta property=\"og:image\" content=\"https:\/\/www.afaf.asso.fr\/wp-content\/uploads\/2024\/05\/les-vallons-de-lespoir.png\" \/>\n\t<meta property=\"og:image:width\" content=\"1772\" \/>\n\t<meta property=\"og:image:height\" content=\"1140\" \/>\n\t<meta property=\"og:image:type\" content=\"image\/png\" \/>\n<meta name=\"author\" content=\"Caroline Gaboriau\" \/>\n<meta name=\"twitter:card\" content=\"summary_large_image\" \/>\n<meta name=\"twitter:label1\" content=\"\u00c9crit par\" \/>\n\t<meta name=\"twitter:data1\" content=\"Caroline Gaboriau\" \/>\n\t<meta name=\"twitter:label2\" content=\"Dur\u00e9e de lecture estim\u00e9e\" \/>\n\t<meta name=\"twitter:data2\" content=\"2 minutes\" \/>\n<script type=\"application\/ld+json\" class=\"yoast-schema-graph\">{\"@context\":\"https:\\\/\\\/schema.org\",\"@graph\":[{\"@type\":\"Article\",\"@id\":\"https:\\\/\\\/www.afaf.asso.fr\\\/2024\\\/05\\\/11\\\/save-the-date-dimanche-22-septembre-2024\\\/#article\",\"isPartOf\":{\"@id\":\"https:\\\/\\\/www.afaf.asso.fr\\\/2024\\\/05\\\/11\\\/save-the-date-dimanche-22-septembre-2024\\\/\"},\"author\":{\"name\":\"Caroline Gaboriau\",\"@id\":\"https:\\\/\\\/www.afaf.asso.fr\\\/#\\\/schema\\\/person\\\/7366aa03c1779ab28140e42231ed7b28\"},\"headline\":\"Save The Date : dimanche 22 septembre 2024\",\"datePublished\":\"2024-05-11T14:03:26+00:00\",\"dateModified\":\"2024-05-11T14:08:56+00:00\",\"mainEntityOfPage\":{\"@id\":\"https:\\\/\\\/www.afaf.asso.fr\\\/2024\\\/05\\\/11\\\/save-the-date-dimanche-22-septembre-2024\\\/\"},\"wordCount\":221,\"publisher\":{\"@id\":\"https:\\\/\\\/www.afaf.asso.fr\\\/#organization\"},\"image\":{\"@id\":\"https:\\\/\\\/www.afaf.asso.fr\\\/2024\\\/05\\\/11\\\/save-the-date-dimanche-22-septembre-2024\\\/#primaryimage\"},\"thumbnailUrl\":\"https:\\\/\\\/www.afaf.asso.fr\\\/wp-content\\\/uploads\\\/2024\\\/05\\\/les-vallons-de-lespoir.png\",\"articleSection\":[\"Actualit\u00e9s g\u00e9n\u00e9rales\"],\"inLanguage\":\"fr-FR\"},{\"@type\":\"WebPage\",\"@id\":\"https:\\\/\\\/www.afaf.asso.fr\\\/2024\\\/05\\\/11\\\/save-the-date-dimanche-22-septembre-2024\\\/\",\"url\":\"https:\\\/\\\/www.afaf.asso.fr\\\/2024\\\/05\\\/11\\\/save-the-date-dimanche-22-septembre-2024\\\/\",\"name\":\"Save The Date : dimanche 22 septembre 2024 - Association Fran\u00e7aise Ataxie de Friedreich\",\"isPartOf\":{\"@id\":\"https:\\\/\\\/www.afaf.asso.fr\\\/#website\"},\"primaryImageOfPage\":{\"@id\":\"https:\\\/\\\/www.afaf.asso.fr\\\/2024\\\/05\\\/11\\\/save-the-date-dimanche-22-septembre-2024\\\/#primaryimage\"},\"image\":{\"@id\":\"https:\\\/\\\/www.afaf.asso.fr\\\/2024\\\/05\\\/11\\\/save-the-date-dimanche-22-septembre-2024\\\/#primaryimage\"},\"thumbnailUrl\":\"https:\\\/\\\/www.afaf.asso.fr\\\/wp-content\\\/uploads\\\/2024\\\/05\\\/les-vallons-de-lespoir.png\",\"datePublished\":\"2024-05-11T14:03:26+00:00\",\"dateModified\":\"2024-05-11T14:08:56+00:00\",\"breadcrumb\":{\"@id\":\"https:\\\/\\\/www.afaf.asso.fr\\\/2024\\\/05\\\/11\\\/save-the-date-dimanche-22-septembre-2024\\\/#breadcrumb\"},\"inLanguage\":\"fr-FR\",\"potentialAction\":[{\"@type\":\"ReadAction\",\"target\":[\"https:\\\/\\\/www.afaf.asso.fr\\\/2024\\\/05\\\/11\\\/save-the-date-dimanche-22-septembre-2024\\\/\"]}]},{\"@type\":\"ImageObject\",\"inLanguage\":\"fr-FR\",\"@id\":\"https:\\\/\\\/www.afaf.asso.fr\\\/2024\\\/05\\\/11\\\/save-the-date-dimanche-22-septembre-2024\\\/#primaryimage\",\"url\":\"https:\\\/\\\/www.afaf.asso.fr\\\/wp-content\\\/uploads\\\/2024\\\/05\\\/les-vallons-de-lespoir.png\",\"contentUrl\":\"https:\\\/\\\/www.afaf.asso.fr\\\/wp-content\\\/uploads\\\/2024\\\/05\\\/les-vallons-de-lespoir.png\",\"width\":1772,\"height\":1140},{\"@type\":\"BreadcrumbList\",\"@id\":\"https:\\\/\\\/www.afaf.asso.fr\\\/2024\\\/05\\\/11\\\/save-the-date-dimanche-22-septembre-2024\\\/#breadcrumb\",\"itemListElement\":[{\"@type\":\"ListItem\",\"position\":1,\"name\":\"Accueil\",\"item\":\"https:\\\/\\\/www.afaf.asso.fr\\\/\"},{\"@type\":\"ListItem\",\"position\":2,\"name\":\"Save The Date : dimanche 22 septembre 2024\"}]},{\"@type\":\"WebSite\",\"@id\":\"https:\\\/\\\/www.afaf.asso.fr\\\/#website\",\"url\":\"https:\\\/\\\/www.afaf.asso.fr\\\/\",\"name\":\"Association Fran\u00e7aise Ataxie de Friedreich\",\"description\":\"Association Fran\u00e7aise de l&#039;Ataxie de Friedreich\",\"publisher\":{\"@id\":\"https:\\\/\\\/www.afaf.asso.fr\\\/#organization\"},\"potentialAction\":[{\"@type\":\"SearchAction\",\"target\":{\"@type\":\"EntryPoint\",\"urlTemplate\":\"https:\\\/\\\/www.afaf.asso.fr\\\/?s={search_term_string}\"},\"query-input\":{\"@type\":\"PropertyValueSpecification\",\"valueRequired\":true,\"valueName\":\"search_term_string\"}}],\"inLanguage\":\"fr-FR\"},{\"@type\":\"Organization\",\"@id\":\"https:\\\/\\\/www.afaf.asso.fr\\\/#organization\",\"name\":\"Association Fran\u00e7aise Ataxie de Friedreich\",\"url\":\"https:\\\/\\\/www.afaf.asso.fr\\\/\",\"logo\":{\"@type\":\"ImageObject\",\"inLanguage\":\"fr-FR\",\"@id\":\"https:\\\/\\\/www.afaf.asso.fr\\\/#\\\/schema\\\/logo\\\/image\\\/\",\"url\":\"https:\\\/\\\/www.afaf.asso.fr\\\/wp-content\\\/uploads\\\/2022\\\/06\\\/Logo-vert.png\",\"contentUrl\":\"https:\\\/\\\/www.afaf.asso.fr\\\/wp-content\\\/uploads\\\/2022\\\/06\\\/Logo-vert.png\",\"width\":1181,\"height\":709,\"caption\":\"Association Fran\u00e7aise Ataxie de Friedreich\"},\"image\":{\"@id\":\"https:\\\/\\\/www.afaf.asso.fr\\\/#\\\/schema\\\/logo\\\/image\\\/\"}},{\"@type\":\"Person\",\"@id\":\"https:\\\/\\\/www.afaf.asso.fr\\\/#\\\/schema\\\/person\\\/7366aa03c1779ab28140e42231ed7b28\",\"name\":\"Caroline Gaboriau\",\"image\":{\"@type\":\"ImageObject\",\"inLanguage\":\"fr-FR\",\"@id\":\"https:\\\/\\\/secure.gravatar.com\\\/avatar\\\/8dbf8226706683015a2752bfbf4ecf0bea399e33452121cb9c1f4640fbea214f?s=96&d=mm&r=g\",\"url\":\"https:\\\/\\\/secure.gravatar.com\\\/avatar\\\/8dbf8226706683015a2752bfbf4ecf0bea399e33452121cb9c1f4640fbea214f?s=96&d=mm&r=g\",\"contentUrl\":\"https:\\\/\\\/secure.gravatar.com\\\/avatar\\\/8dbf8226706683015a2752bfbf4ecf0bea399e33452121cb9c1f4640fbea214f?s=96&d=mm&r=g\",\"caption\":\"Caroline Gaboriau\"},\"url\":\"https:\\\/\\\/www.afaf.asso.fr\\\/author\\\/caroline_gaboriau\\\/\"}]}<\/script>\n<!-- \/ Yoast SEO plugin. -->","yoast_head_json":{"title":"Save The Date : dimanche 22 septembre 2024 - Association Fran\u00e7aise Ataxie de Friedreich","robots":{"index":"index","follow":"follow","max-snippet":"max-snippet:-1","max-image-preview":"max-image-preview:large","max-video-preview":"max-video-preview:-1"},"canonical":"https:\/\/www.afaf.asso.fr\/2024\/05\/11\/save-the-date-dimanche-22-septembre-2024\/","og_locale":"fr_FR","og_type":"article","og_title":"Save The Date : dimanche 22 septembre 2024 - Association Fran\u00e7aise Ataxie de Friedreich","og_description":"Rendez-vous salle des sports Alain Mimoun de Brindas pour une journ\u00e9e caritative autour du sport, de la convivialit\u00e9, du partage, et de la solidarit\u00e9. Organis\u00e9e par un jeune homme atteint de l&#8217;ataxie de Friedreich, cette manifestation a pour objectifs de faire conna\u00eetre la maladie et de r\u00e9colter des fonds pour financer la recherche sur l\u2019ataxie [&hellip;]","og_url":"https:\/\/www.afaf.asso.fr\/2024\/05\/11\/save-the-date-dimanche-22-septembre-2024\/","og_site_name":"Association Fran\u00e7aise Ataxie de Friedreich","article_published_time":"2024-05-11T14:03:26+00:00","article_modified_time":"2024-05-11T14:08:56+00:00","og_image":[{"width":1772,"height":1140,"url":"https:\/\/www.afaf.asso.fr\/wp-content\/uploads\/2024\/05\/les-vallons-de-lespoir.png","type":"image\/png"}],"author":"Caroline Gaboriau","twitter_card":"summary_large_image","twitter_misc":{"\u00c9crit par":"Caroline Gaboriau","Dur\u00e9e de lecture estim\u00e9e":"2 minutes"},"schema":{"@context":"https:\/\/schema.org","@graph":[{"@type":"Article","@id":"https:\/\/www.afaf.asso.fr\/2024\/05\/11\/save-the-date-dimanche-22-septembre-2024\/#article","isPartOf":{"@id":"https:\/\/www.afaf.asso.fr\/2024\/05\/11\/save-the-date-dimanche-22-septembre-2024\/"},"author":{"name":"Caroline Gaboriau","@id":"https:\/\/www.afaf.asso.fr\/#\/schema\/person\/7366aa03c1779ab28140e42231ed7b28"},"headline":"Save The Date : dimanche 22 septembre 2024","datePublished":"2024-05-11T14:03:26+00:00","dateModified":"2024-05-11T14:08:56+00:00","mainEntityOfPage":{"@id":"https:\/\/www.afaf.asso.fr\/2024\/05\/11\/save-the-date-dimanche-22-septembre-2024\/"},"wordCount":221,"publisher":{"@id":"https:\/\/www.afaf.asso.fr\/#organization"},"image":{"@id":"https:\/\/www.afaf.asso.fr\/2024\/05\/11\/save-the-date-dimanche-22-septembre-2024\/#primaryimage"},"thumbnailUrl":"https:\/\/www.afaf.asso.fr\/wp-content\/uploads\/2024\/05\/les-vallons-de-lespoir.png","articleSection":["Actualit\u00e9s g\u00e9n\u00e9rales"],"inLanguage":"fr-FR"},{"@type":"WebPage","@id":"https:\/\/www.afaf.asso.fr\/2024\/05\/11\/save-the-date-dimanche-22-septembre-2024\/","url":"https:\/\/www.afaf.asso.fr\/2024\/05\/11\/save-the-date-dimanche-22-septembre-2024\/","name":"Save The Date : dimanche 22 septembre 2024 - Association Fran\u00e7aise Ataxie de Friedreich","isPartOf":{"@id":"https:\/\/www.afaf.asso.fr\/#website"},"primaryImageOfPage":{"@id":"https:\/\/www.afaf.asso.fr\/2024\/05\/11\/save-the-date-dimanche-22-septembre-2024\/#primaryimage"},"image":{"@id":"https:\/\/www.afaf.asso.fr\/2024\/05\/11\/save-the-date-dimanche-22-septembre-2024\/#primaryimage"},"thumbnailUrl":"https:\/\/www.afaf.asso.fr\/wp-content\/uploads\/2024\/05\/les-vallons-de-lespoir.png","datePublished":"2024-05-11T14:03:26+00:00","dateModified":"2024-05-11T14:08:56+00:00","breadcrumb":{"@id":"https:\/\/www.afaf.asso.fr\/2024\/05\/11\/save-the-date-dimanche-22-septembre-2024\/#breadcrumb"},"inLanguage":"fr-FR","potentialAction":[{"@type":"ReadAction","target":["https:\/\/www.afaf.asso.fr\/2024\/05\/11\/save-the-date-dimanche-22-septembre-2024\/"]}]},{"@type":"ImageObject","inLanguage":"fr-FR","@id":"https:\/\/www.afaf.asso.fr\/2024\/05\/11\/save-the-date-dimanche-22-septembre-2024\/#primaryimage","url":"https:\/\/www.afaf.asso.fr\/wp-content\/uploads\/2024\/05\/les-vallons-de-lespoir.png","contentUrl":"https:\/\/www.afaf.asso.fr\/wp-content\/uploads\/2024\/05\/les-vallons-de-lespoir.png","width":1772,"height":1140},{"@type":"BreadcrumbList","@id":"https:\/\/www.afaf.asso.fr\/2024\/05\/11\/save-the-date-dimanche-22-septembre-2024\/#breadcrumb","itemListElement":[{"@type":"ListItem","position":1,"name":"Accueil","item":"https:\/\/www.afaf.asso.fr\/"},{"@type":"ListItem","position":2,"name":"Save The Date : dimanche 22 septembre 2024"}]},{"@type":"WebSite","@id":"https:\/\/www.afaf.asso.fr\/#website","url":"https:\/\/www.afaf.asso.fr\/","name":"Association Fran\u00e7aise Ataxie de Friedreich","description":"Association Fran\u00e7aise de l&#039;Ataxie de Friedreich","publisher":{"@id":"https:\/\/www.afaf.asso.fr\/#organization"},"potentialAction":[{"@type":"SearchAction","target":{"@type":"EntryPoint","urlTemplate":"https:\/\/www.afaf.asso.fr\/?s={search_term_string}"},"query-input":{"@type":"PropertyValueSpecification","valueRequired":true,"valueName":"search_term_string"}}],"inLanguage":"fr-FR"},{"@type":"Organization","@id":"https:\/\/www.afaf.asso.fr\/#organization","name":"Association Fran\u00e7aise Ataxie de Friedreich","url":"https:\/\/www.afaf.asso.fr\/","logo":{"@type":"ImageObject","inLanguage":"fr-FR","@id":"https:\/\/www.afaf.asso.fr\/#\/schema\/logo\/image\/","url":"https:\/\/www.afaf.asso.fr\/wp-content\/uploads\/2022\/06\/Logo-vert.png","contentUrl":"https:\/\/www.afaf.asso.fr\/wp-content\/uploads\/2022\/06\/Logo-vert.png","width":1181,"height":709,"caption":"Association Fran\u00e7aise Ataxie de Friedreich"},"image":{"@id":"https:\/\/www.afaf.asso.fr\/#\/schema\/logo\/image\/"}},{"@type":"Person","@id":"https:\/\/www.afaf.asso.fr\/#\/schema\/person\/7366aa03c1779ab28140e42231ed7b28","name":"Caroline Gaboriau","image":{"@type":"ImageObject","inLanguage":"fr-FR","@id":"https:\/\/secure.gravatar.com\/avatar\/8dbf8226706683015a2752bfbf4ecf0bea399e33452121cb9c1f4640fbea214f?s=96&d=mm&r=g","url":"https:\/\/secure.gravatar.com\/avatar\/8dbf8226706683015a2752bfbf4ecf0bea399e33452121cb9c1f4640fbea214f?s=96&d=mm&r=g","contentUrl":"https:\/\/secure.gravatar.com\/avatar\/8dbf8226706683015a2752bfbf4ecf0bea399e33452121cb9c1f4640fbea214f?s=96&d=mm&r=g","caption":"Caroline Gaboriau"},"url":"https:\/\/www.afaf.asso.fr\/author\/caroline_gaboriau\/"}]}},"_links":{"self":[{"href":"https:\/\/www.afaf.asso.fr\/api-afaf\/wp\/v2\/posts\/10477","targetHints":{"allow":["GET"]}}],"collection":[{"href":"https:\/\/www.afaf.asso.fr\/api-afaf\/wp\/v2\/posts"}],"about":[{"href":"https:\/\/www.afaf.asso.fr\/api-afaf\/wp\/v2\/types\/post"}],"author":[{"embeddable":true,"href":"https:\/\/www.afaf.asso.fr\/api-afaf\/wp\/v2\/users\/8"}],"replies":[{"embeddable":true,"href":"https:\/\/www.afaf.asso.fr\/api-afaf\/wp\/v2\/comments?post=10477"}],"version-history":[{"count":0,"href":"https:\/\/www.afaf.asso.fr\/api-afaf\/wp\/v2\/posts\/10477\/revisions"}],"wp:featuredmedia":[{"embeddable":true,"href":"https:\/\/www.afaf.asso.fr\/api-afaf\/wp\/v2\/media\/10479"}],"wp:attachment":[{"href":"https:\/\/www.afaf.asso.fr\/api-afaf\/wp\/v2\/media?parent=10477"}],"wp:term":[{"taxonomy":"category","embeddable":true,"href":"https:\/\/www.afaf.asso.fr\/api-afaf\/wp\/v2\/categories?post=10477"},{"taxonomy":"post_tag","embeddable":true,"href":"https:\/\/www.afaf.asso.fr\/api-afaf\/wp\/v2\/tags?post=10477"}],"curies":[{"name":"wp","href":"https:\/\/api.w.org\/{rel}","templated":true}]}}